{"id":1630,"date":"2024-04-15T16:43:00","date_gmt":"2024-04-15T22:43:00","guid":{"rendered":"https:\/\/geoambiente.gt\/como-mejorar-la-calidad-del-aire\/"},"modified":"2024-04-24T18:10:34","modified_gmt":"2024-04-25T00:10:34","slug":"como-mejorar-la-calidad-del-aire","status":"publish","type":"post","link":"https:\/\/geoambiente.gt\/en\/como-mejorar-la-calidad-del-aire\/","title":{"rendered":"C\u00f3mo mejorar la calidad del aire"},"content":{"rendered":"\n<p>La ge\u00f3loga y experta en asuntos ambientales, Mireya Archila, enumera las lecciones aprendidas durante el incendio en el vertedero situado en el kil\u00f3metro 22 ruta al Pac\u00edfico a cargo de la Autoridad para el Manejo Sustentable de la Cuenca del Lago de Amatitl\u00e1n (AMSA), en especial, lo referente a la calidad del aire.<\/p>\n\n\n\n<p>Lea la entrevista realizada por Prensa Libre <a href=\"https:\/\/geoambiente.gt\/wp-content\/uploads\/2024\/04\/20240412-articulo-pl-120424PL.pdf\"><strong>en este enlace<\/strong><\/a>.<\/p>\n\n\n\n<p>Vea la entrevista realizada por Canal Antigua.<\/p>\n\n\n\n<figure class=\"wp-block-video\"><video controls src=\"https:\/\/mediamonitors.online:3000\/docs\/notes\/2024\/04\/12\/1104087\/1104087.mp4\"><\/video><\/figure>\n","protected":false},"excerpt":{"rendered":"<p>La ge\u00f3loga y experta en asuntos ambientales, Mireya Archila, enumera las lecciones aprendidas durante el incendio en el vertedero situado en el kil\u00f3metro 22 ruta al Pac\u00edfico a cargo de la Autoridad para el Manejo Sustentable de la Cuenca del Lago de Amatitl\u00e1n (AMSA), en especial, lo referente a la calidad del aire. Lea la entrevista realizada por Prensa Libre en este enlace. Vea la entrevista realizada por Canal Antigua.<\/p>\n","protected":false},"author":1,"featured_media":1625,"comment_status":"open","ping_status":"open","sticky":false,"template":"","format":"standard","meta":{"inline_featured_image":false,"footnotes":""},"categories":[40,37],"tags":[],"class_list":["post-1630","post","type-post","status-publish","format-standard","has-post-thumbnail","hentry","category-air-quality","category-geoambiente-en"],"acf":[],"_links":{"self":[{"href":"https:\/\/geoambiente.gt\/en\/wp-json\/wp\/v2\/posts\/1630","targetHints":{"allow":["GET"]}}],"collection":[{"href":"https:\/\/geoambiente.gt\/en\/wp-json\/wp\/v2\/posts"}],"about":[{"href":"https:\/\/geoambiente.gt\/en\/wp-json\/wp\/v2\/types\/post"}],"author":[{"embeddable":true,"href":"https:\/\/geoambiente.gt\/en\/wp-json\/wp\/v2\/users\/1"}],"replies":[{"embeddable":true,"href":"https:\/\/geoambiente.gt\/en\/wp-json\/wp\/v2\/comments?post=1630"}],"version-history":[{"count":1,"href":"https:\/\/geoambiente.gt\/en\/wp-json\/wp\/v2\/posts\/1630\/revisions"}],"predecessor-version":[{"id":1631,"href":"https:\/\/geoambiente.gt\/en\/wp-json\/wp\/v2\/posts\/1630\/revisions\/1631"}],"wp:featuredmedia":[{"embeddable":true,"href":"https:\/\/geoambiente.gt\/en\/wp-json\/wp\/v2\/media\/1625"}],"wp:attachment":[{"href":"https:\/\/geoambiente.gt\/en\/wp-json\/wp\/v2\/media?parent=1630"}],"wp:term":[{"taxonomy":"category","embeddable":true,"href":"https:\/\/geoambiente.gt\/en\/wp-json\/wp\/v2\/categories?post=1630"},{"taxonomy":"post_tag","embeddable":true,"href":"https:\/\/geoambiente.gt\/en\/wp-json\/wp\/v2\/tags?post=1630"}],"curies":[{"name":"wp","href":"https:\/\/api.w.org\/{rel}","templated":true}]}}